{"id":1325,"date":"2019-02-17T09:27:34","date_gmt":"2019-02-17T09:27:34","guid":{"rendered":"https:\/\/paprochy.098.waw.pl\/?p=1325"},"modified":"2019-02-17T09:27:34","modified_gmt":"2019-02-17T09:27:34","slug":"pobielany","status":"publish","type":"post","link":"https:\/\/paprochy.098.waw.pl\/?p=1325","title":{"rendered":"POBIELANY"},"content":{"rendered":"<p>Smutkiem wieje, samotno\u015bci\u0105 po\u015br\u00f3d stada.<br \/>\nNie chc\u0119 patrze\u0107, nie chc\u0119 s\u0142ysze\u0107, ani gada\u0107.<br \/>\nI nie s\u0142ysz\u0119, w uszach dziwne brzmi\u0105 odg\u0142osy.<br \/>\nM\u00f3wi\u0105 do mnie, ja brz\u0119czenie s\u0142ysz\u0119 osy.<br \/>\nI tw\u00f3j \u015bwiergot tylko wn\u0119trze me raduj\u0119.<br \/>\nTak cudownie tw\u00f3j g\u0142os w uszach mi wibruje.<br \/>\nGdy ci\u0119 s\u0142ysz\u0119 nic do szcz\u0119\u015bcia nie potrzeba,<br \/>\nBo z tym g\u0142osem czuj\u0119 w sobie skrawek nieba.<br \/>\nJestem z lud\u017ami, ale sercem tylko z tob\u0105.<br \/>\nW szarym t\u0142umie z ukochan\u0105 m\u0105 osob\u0105,<br \/>\nI nie widz\u0119 \u017cadnych innych teraz twarzy.<br \/>\nW moim sercu zn\u00f3w rozkoszy tkwi\u0105 obrazy.<br \/>\nCho\u0107 daleko, jeste\u015b zawsze w mojej g\u0142owie.<br \/>\nTwych u\u015bmiech\u00f3w s\u0142odka cieszy mnie opowie\u015b\u0107.<br \/>\nJasnych spojrze\u0144 tak gor\u0105cych, takich czu\u0142ych.<br \/>\nJak cudownie wy\u0142apywa\u0107 te szczeg\u00f3\u0142y.<br \/>\nKiedy zerkasz na mnie, mimochodem, tak ukradkiem<br \/>\nI spojrzenia krzycz\u0105: kocham  &#8211; nie przypadkiem<br \/>\nRozpalaj\u0105 do bia\u0142o\u015bci, czerwono\u015bci w sercu ogie\u0144.<br \/>\nJestem w raju, w twym spojrzeniu jestem Bogiem<br \/>\nMog\u0119 wszystko, nic mnie z\u0142ego nie zaskoczy.<br \/>\nByle jeszcze! Wci\u0105\u017c chc\u0119 patrze\u0107 w cudne oczy.<br \/>\nKiwam g\u0142ow\u0105, gdy im odpowiedzie\u0107 musz\u0119<br \/>\nMnie tu nie ma tobie da\u0142em swoj\u0105 dusz\u0119.<br \/>\nNawet nie wiem o co im w\u0142a\u015bciwie chodzi.<br \/>\nPrawd\u0119 m\u00f3wi\u0105c wcale mnie to nie obchodzi.<br \/>\nMoje cia\u0142o nie zapomni ani chwili<br \/>\nZ tamtych pieszczot&#8230; gdy\u015bmy wreszcie to robili.<br \/>\nJestem w raju tam, gdzie miodem p\u0142ynie rzeka.<br \/>\nTu na ciebie, i na mleko tylko czekam.<\/p>\n","protected":false},"excerpt":{"rendered":"<p>Smutkiem wieje, samotno\u015bci\u0105 po\u015br\u00f3d stada. Nie chc\u0119 patrze\u0107, nie chc\u0119 s\u0142ysze\u0107, ani gada\u0107. I nie s\u0142ysz\u0119, w uszach dziwne brzmi\u0105 odg\u0142osy. M\u00f3wi\u0105 do mnie, ja brz\u0119czenie s\u0142ysz\u0119 osy. I tw\u00f3j \u015bwiergot tylko wn\u0119trze me raduj\u0119. Tak cudownie tw\u00f3j g\u0142os w uszach mi wibruje. Gdy ci\u0119 s\u0142ysz\u0119 nic do szcz\u0119\u015bcia nie potrzeba, Bo z tym g\u0142osem &hellip; <\/p>\n<p class=\"link-more\"><a href=\"https:\/\/paprochy.098.waw.pl\/?p=1325\" class=\"more-link\">Czytaj dalej<span class=\"screen-reader-text\"> POBIELANY<\/span><\/a><\/p>\n","protected":false},"author":2,"featured_media":0,"comment_status":"closed","ping_status":"closed","sticky":false,"template":"","format":"standard","meta":{"footnotes":""},"categories":[22],"tags":[],"_links":{"self":[{"href":"https:\/\/paprochy.098.waw.pl\/index.php?rest_route=\/wp\/v2\/posts\/1325"}],"collection":[{"href":"https:\/\/paprochy.098.waw.pl\/index.php?rest_route=\/wp\/v2\/posts"}],"about":[{"href":"https:\/\/paprochy.098.waw.pl\/index.php?rest_route=\/wp\/v2\/types\/post"}],"author":[{"embeddable":true,"href":"https:\/\/paprochy.098.waw.pl\/index.php?rest_route=\/wp\/v2\/users\/2"}],"replies":[{"embeddable":true,"href":"https:\/\/paprochy.098.waw.pl\/index.php?rest_route=%2Fwp%2Fv2%2Fcomments&post=1325"}],"version-history":[{"count":1,"href":"https:\/\/paprochy.098.waw.pl\/index.php?rest_route=\/wp\/v2\/posts\/1325\/revisions"}],"predecessor-version":[{"id":1326,"href":"https:\/\/paprochy.098.waw.pl\/index.php?rest_route=\/wp\/v2\/posts\/1325\/revisions\/1326"}],"wp:attachment":[{"href":"https:\/\/paprochy.098.waw.pl\/index.php?rest_route=%2Fwp%2Fv2%2Fmedia&parent=1325"}],"wp:term":[{"taxonomy":"category","embeddable":true,"href":"https:\/\/paprochy.098.waw.pl\/index.php?rest_route=%2Fwp%2Fv2%2Fcategories&post=1325"},{"taxonomy":"post_tag","embeddable":true,"href":"https:\/\/paprochy.098.waw.pl\/index.php?rest_route=%2Fwp%2Fv2%2Ftags&post=1325"}],"curies":[{"name":"wp","href":"https:\/\/api.w.org\/{rel}","templated":true}]}}