{"id":1369,"date":"2019-02-17T09:46:23","date_gmt":"2019-02-17T09:46:23","guid":{"rendered":"https:\/\/paprochy.098.waw.pl\/?p=1369"},"modified":"2019-02-17T09:46:23","modified_gmt":"2019-02-17T09:46:23","slug":"budda-przebudzony-i","status":"publish","type":"post","link":"https:\/\/paprochy.098.waw.pl\/?p=1369","title":{"rendered":"BUDDA (PRZEBUDZONY I)"},"content":{"rendered":"<p>Nie chc\u0119 my\u015ble\u0107 o przysz\u0142o\u015bci, gdy mam dzi\u015b.<br \/>\nDzi\u015b nie l\u0119kam si\u0119 nico\u015bci, gdy mam sny.<br \/>\nA ze sn\u00f3w mam taki dy\u017curny sen o snach,<br \/>\nKiedy zamykam oczy, ciemno\u015b\u0107 spowalnia czas.<br \/>\nW letarg zanurza si\u0119 moje cia\u0142o. Nic nie musz\u0119.<br \/>\nW ten czas nasze g\u0142owy, nasze serca, nasze dusze<br \/>\nBuduj\u0105 ponad przestrzeni\u0105 ulotny most marzenie.<br \/>\nJeste\u015bmy razem, ty masz mnie, a ja mam ciebie.<br \/>\nNasze cia\u0142a lgn\u0105 do siebie wzrusze\u0144 pe\u0142ne,<br \/>\nPoca\u0142unki tak nami\u0119tne, nie\u015bmiertelne&#8230;<br \/>\nTo sen o b\u0142\u0119kitnym raju, lecz ten raj&#8230;<br \/>\nNa jawie bardziej jest boski ni\u017c we snach.<\/p>\n","protected":false},"excerpt":{"rendered":"<p>Nie chc\u0119 my\u015ble\u0107 o przysz\u0142o\u015bci, gdy mam dzi\u015b. Dzi\u015b nie l\u0119kam si\u0119 nico\u015bci, gdy mam sny. A ze sn\u00f3w mam taki dy\u017curny sen o snach, Kiedy zamykam oczy, ciemno\u015b\u0107 spowalnia czas. W letarg zanurza si\u0119 moje cia\u0142o. Nic nie musz\u0119. W ten czas nasze g\u0142owy, nasze serca, nasze dusze Buduj\u0105 ponad przestrzeni\u0105 ulotny most marzenie. &hellip; <\/p>\n<p class=\"link-more\"><a href=\"https:\/\/paprochy.098.waw.pl\/?p=1369\" class=\"more-link\">Czytaj dalej<span class=\"screen-reader-text\"> BUDDA (PRZEBUDZONY I)<\/span><\/a><\/p>\n","protected":false},"author":2,"featured_media":0,"comment_status":"closed","ping_status":"closed","sticky":false,"template":"","format":"standard","meta":{"footnotes":""},"categories":[22],"tags":[],"_links":{"self":[{"href":"https:\/\/paprochy.098.waw.pl\/index.php?rest_route=\/wp\/v2\/posts\/1369"}],"collection":[{"href":"https:\/\/paprochy.098.waw.pl\/index.php?rest_route=\/wp\/v2\/posts"}],"about":[{"href":"https:\/\/paprochy.098.waw.pl\/index.php?rest_route=\/wp\/v2\/types\/post"}],"author":[{"embeddable":true,"href":"https:\/\/paprochy.098.waw.pl\/index.php?rest_route=\/wp\/v2\/users\/2"}],"replies":[{"embeddable":true,"href":"https:\/\/paprochy.098.waw.pl\/index.php?rest_route=%2Fwp%2Fv2%2Fcomments&post=1369"}],"version-history":[{"count":1,"href":"https:\/\/paprochy.098.waw.pl\/index.php?rest_route=\/wp\/v2\/posts\/1369\/revisions"}],"predecessor-version":[{"id":1370,"href":"https:\/\/paprochy.098.waw.pl\/index.php?rest_route=\/wp\/v2\/posts\/1369\/revisions\/1370"}],"wp:attachment":[{"href":"https:\/\/paprochy.098.waw.pl\/index.php?rest_route=%2Fwp%2Fv2%2Fmedia&parent=1369"}],"wp:term":[{"taxonomy":"category","embeddable":true,"href":"https:\/\/paprochy.098.waw.pl\/index.php?rest_route=%2Fwp%2Fv2%2Fcategories&post=1369"},{"taxonomy":"post_tag","embeddable":true,"href":"https:\/\/paprochy.098.waw.pl\/index.php?rest_route=%2Fwp%2Fv2%2Ftags&post=1369"}],"curies":[{"name":"wp","href":"https:\/\/api.w.org\/{rel}","templated":true}]}}