{"id":1406,"date":"2019-02-17T10:03:50","date_gmt":"2019-02-17T10:03:50","guid":{"rendered":"https:\/\/paprochy.098.waw.pl\/?p=1406"},"modified":"2019-02-17T10:03:50","modified_gmt":"2019-02-17T10:03:50","slug":"jasny","status":"publish","type":"post","link":"https:\/\/paprochy.098.waw.pl\/?p=1406","title":{"rendered":"JASNY"},"content":{"rendered":"<p>Te s\u0142owa przyjmij jako dar, co si\u0119 wyl\u0119g\u0142y w mojej g\u0142owie,<br \/>\nBo\u015b odmieni\u0142a ca\u0142y m\u00f3j \u015bwiat, i zamiast diab\u0142a dzi\u015b anio\u0142owie<br \/>\n\u015apiewaj\u0105 sw\u00f3j radosny psalm dzi\u0119kuj\u0105c Panu za cud \u017cycia,<br \/>\n\u017be w dzie\u0142o zmieni\u0142 marny akt, na przysz\u0142o\u015b\u0107 \u015bwieci obietnica.<br \/>\nMa\u0142\u0105 iskierk\u0105 w listopadzie, a jasn\u0105 \u0142un\u0105 dzi\u015b w po\u0142udnie,<br \/>\nJak z bicza strzeli\u0142 min\u0105\u0142 czas i nawet s\u0142o\u0144ce grzeje grudniem.<br \/>\nTak. Cudem jest, \u017ce jeste\u015b tu. Co si\u0119 zdarzy\u0142o w ci\u0105gu roku?<br \/>\nTy niepokoju zgasi\u0142a\u015b \u017car ogniem mi\u0142o\u015bci przynosz\u0105c spok\u00f3j,<br \/>\nKoj\u0105c me nerwy, t\u0142umi\u0105c b\u00f3l, niepami\u0119\u0107 nios\u0105c o mych troskach,<br \/>\nA im ci\u0119 lepiej pozna\u0107 da\u0142 los, uczucia si\u0142a bardziej ros\u0142a.<br \/>\nI teraz wreszcie jestem tu, na skraju nieba w mojej g\u0142owie,<br \/>\nA opanowa\u0142bym ten raj, gdy wiecznie m\u00f3g\u0142bym by\u0107 przy tobie.<br \/>\nDwana\u015bcie mgnie\u0144 raduj\u0119 si\u0119, twym wn\u0119trzem, g\u0142osem i obrazem,<br \/>\nWi\u0119c dzi\u0119ki mi\u0142a, za to, co mam. Ja ci\u0105gle chc\u0119 by\u0107 z tob\u0105 razem.<\/p>\n","protected":false},"excerpt":{"rendered":"<p>Te s\u0142owa przyjmij jako dar, co si\u0119 wyl\u0119g\u0142y w mojej g\u0142owie, Bo\u015b odmieni\u0142a ca\u0142y m\u00f3j \u015bwiat, i zamiast diab\u0142a dzi\u015b anio\u0142owie \u015apiewaj\u0105 sw\u00f3j radosny psalm dzi\u0119kuj\u0105c Panu za cud \u017cycia, \u017be w dzie\u0142o zmieni\u0142 marny akt, na przysz\u0142o\u015b\u0107 \u015bwieci obietnica. Ma\u0142\u0105 iskierk\u0105 w listopadzie, a jasn\u0105 \u0142un\u0105 dzi\u015b w po\u0142udnie, Jak z bicza strzeli\u0142 min\u0105\u0142 &hellip; <\/p>\n<p class=\"link-more\"><a href=\"https:\/\/paprochy.098.waw.pl\/?p=1406\" class=\"more-link\">Czytaj dalej<span class=\"screen-reader-text\"> JASNY<\/span><\/a><\/p>\n","protected":false},"author":2,"featured_media":0,"comment_status":"closed","ping_status":"closed","sticky":false,"template":"","format":"standard","meta":{"footnotes":""},"categories":[22],"tags":[],"_links":{"self":[{"href":"https:\/\/paprochy.098.waw.pl\/index.php?rest_route=\/wp\/v2\/posts\/1406"}],"collection":[{"href":"https:\/\/paprochy.098.waw.pl\/index.php?rest_route=\/wp\/v2\/posts"}],"about":[{"href":"https:\/\/paprochy.098.waw.pl\/index.php?rest_route=\/wp\/v2\/types\/post"}],"author":[{"embeddable":true,"href":"https:\/\/paprochy.098.waw.pl\/index.php?rest_route=\/wp\/v2\/users\/2"}],"replies":[{"embeddable":true,"href":"https:\/\/paprochy.098.waw.pl\/index.php?rest_route=%2Fwp%2Fv2%2Fcomments&post=1406"}],"version-history":[{"count":1,"href":"https:\/\/paprochy.098.waw.pl\/index.php?rest_route=\/wp\/v2\/posts\/1406\/revisions"}],"predecessor-version":[{"id":1407,"href":"https:\/\/paprochy.098.waw.pl\/index.php?rest_route=\/wp\/v2\/posts\/1406\/revisions\/1407"}],"wp:attachment":[{"href":"https:\/\/paprochy.098.waw.pl\/index.php?rest_route=%2Fwp%2Fv2%2Fmedia&parent=1406"}],"wp:term":[{"taxonomy":"category","embeddable":true,"href":"https:\/\/paprochy.098.waw.pl\/index.php?rest_route=%2Fwp%2Fv2%2Fcategories&post=1406"},{"taxonomy":"post_tag","embeddable":true,"href":"https:\/\/paprochy.098.waw.pl\/index.php?rest_route=%2Fwp%2Fv2%2Ftags&post=1406"}],"curies":[{"name":"wp","href":"https:\/\/api.w.org\/{rel}","templated":true}]}}