{"id":1645,"date":"2019-02-17T14:35:58","date_gmt":"2019-02-17T14:35:58","guid":{"rendered":"https:\/\/paprochy.098.waw.pl\/?p=1645"},"modified":"2019-02-17T14:35:58","modified_gmt":"2019-02-17T14:35:58","slug":"zacmiony-ii","status":"publish","type":"post","link":"https:\/\/paprochy.098.waw.pl\/?p=1645","title":{"rendered":"ZA\u0106MIONY II"},"content":{"rendered":"<p>\u017by\u0107 szarej \u0107my spojrzeniem<br \/>\nZ ciemno\u015bci k\u0105ta skrzyde\u0142 cieniem<br \/>\nKu \u015bwiat\u0142u pru\u0107 mrok nocy \u015bmia\u0142o<br \/>\nAby w jasno\u015bci lampy skwiercza\u0142o<br \/>\nSpalony kad\u0142ub leg\u0142 ju\u017c w padole<br \/>\nCiem ciemne \u017cycie szare niedole.<\/p>\n","protected":false},"excerpt":{"rendered":"<p>\u017by\u0107 szarej \u0107my spojrzeniem Z ciemno\u015bci k\u0105ta skrzyde\u0142 cieniem Ku \u015bwiat\u0142u pru\u0107 mrok nocy \u015bmia\u0142o Aby w jasno\u015bci lampy skwiercza\u0142o Spalony kad\u0142ub leg\u0142 ju\u017c w padole Ciem ciemne \u017cycie szare niedole.<\/p>\n","protected":false},"author":2,"featured_media":0,"comment_status":"closed","ping_status":"closed","sticky":false,"template":"","format":"standard","meta":{"footnotes":""},"categories":[23],"tags":[],"_links":{"self":[{"href":"https:\/\/paprochy.098.waw.pl\/index.php?rest_route=\/wp\/v2\/posts\/1645"}],"collection":[{"href":"https:\/\/paprochy.098.waw.pl\/index.php?rest_route=\/wp\/v2\/posts"}],"about":[{"href":"https:\/\/paprochy.098.waw.pl\/index.php?rest_route=\/wp\/v2\/types\/post"}],"author":[{"embeddable":true,"href":"https:\/\/paprochy.098.waw.pl\/index.php?rest_route=\/wp\/v2\/users\/2"}],"replies":[{"embeddable":true,"href":"https:\/\/paprochy.098.waw.pl\/index.php?rest_route=%2Fwp%2Fv2%2Fcomments&post=1645"}],"version-history":[{"count":1,"href":"https:\/\/paprochy.098.waw.pl\/index.php?rest_route=\/wp\/v2\/posts\/1645\/revisions"}],"predecessor-version":[{"id":1646,"href":"https:\/\/paprochy.098.waw.pl\/index.php?rest_route=\/wp\/v2\/posts\/1645\/revisions\/1646"}],"wp:attachment":[{"href":"https:\/\/paprochy.098.waw.pl\/index.php?rest_route=%2Fwp%2Fv2%2Fmedia&parent=1645"}],"wp:term":[{"taxonomy":"category","embeddable":true,"href":"https:\/\/paprochy.098.waw.pl\/index.php?rest_route=%2Fwp%2Fv2%2Fcategories&post=1645"},{"taxonomy":"post_tag","embeddable":true,"href":"https:\/\/paprochy.098.waw.pl\/index.php?rest_route=%2Fwp%2Fv2%2Ftags&post=1645"}],"curies":[{"name":"wp","href":"https:\/\/api.w.org\/{rel}","templated":true}]}}