{"id":1655,"date":"2019-02-17T14:38:32","date_gmt":"2019-02-17T14:38:32","guid":{"rendered":"https:\/\/paprochy.098.waw.pl\/?p=1655"},"modified":"2019-02-17T14:38:32","modified_gmt":"2019-02-17T14:38:32","slug":"kra-van-2","status":"publish","type":"post","link":"https:\/\/paprochy.098.waw.pl\/?p=1655","title":{"rendered":"KRA VAN"},"content":{"rendered":"<p>W moich oczach nie ma b\u0142ysku &#8211; matowieje.<br \/>\nMy\u015bli mroczne stada s\u0119p\u00f3w. A nadzieje?<br \/>\nU st\u00f3p moich niczym o\u0142owiane kule&#8230;<br \/>\nHieny szarpi\u0105 za nogawki, za koszule&#8230;<br \/>\nW pustce wn\u0119trza obdartego niby szmata<br \/>\nZimno, wilgno, tylko obok si\u0105\u015b\u0107 i p\u0142aka\u0107.<br \/>\nSzyja \u0142\u0105czy g\u0142ow\u0119 z reszt\u0105 jakim\u015b cudem,<br \/>\nLecz czy jeszcze jest na karku? W\u0119sz\u0119 z\u0142ud\u0119.<br \/>\nCzy oddycham? Tak. powietrza j\u0119czy para.<br \/>\nTylko po co? Za co tak olbrzymia kara?<br \/>\nNie chc\u0119 \u017cycia, nie znios\u0119 kolejnej tony<br \/>\nna swym karku. Niech \u017ca\u0142obne bij\u0105 dzwony.<br \/>\nI Gawrony ze skrzyde\u0142 czarnych \u0142opotem<br \/>\nNiech \u015bpiewaj\u0105. A milczenie b\u0119dzie z\u0142otem.<\/p>\n","protected":false},"excerpt":{"rendered":"<p>W moich oczach nie ma b\u0142ysku &#8211; matowieje. My\u015bli mroczne stada s\u0119p\u00f3w. A nadzieje? U st\u00f3p moich niczym o\u0142owiane kule&#8230; Hieny szarpi\u0105 za nogawki, za koszule&#8230; W pustce wn\u0119trza obdartego niby szmata Zimno, wilgno, tylko obok si\u0105\u015b\u0107 i p\u0142aka\u0107. Szyja \u0142\u0105czy g\u0142ow\u0119 z reszt\u0105 jakim\u015b cudem, Lecz czy jeszcze jest na karku? W\u0119sz\u0119 z\u0142ud\u0119. Czy &hellip; <\/p>\n<p class=\"link-more\"><a href=\"https:\/\/paprochy.098.waw.pl\/?p=1655\" class=\"more-link\">Czytaj dalej<span class=\"screen-reader-text\"> KRA VAN<\/span><\/a><\/p>\n","protected":false},"author":2,"featured_media":0,"comment_status":"closed","ping_status":"closed","sticky":false,"template":"","format":"standard","meta":{"footnotes":""},"categories":[23],"tags":[],"_links":{"self":[{"href":"https:\/\/paprochy.098.waw.pl\/index.php?rest_route=\/wp\/v2\/posts\/1655"}],"collection":[{"href":"https:\/\/paprochy.098.waw.pl\/index.php?rest_route=\/wp\/v2\/posts"}],"about":[{"href":"https:\/\/paprochy.098.waw.pl\/index.php?rest_route=\/wp\/v2\/types\/post"}],"author":[{"embeddable":true,"href":"https:\/\/paprochy.098.waw.pl\/index.php?rest_route=\/wp\/v2\/users\/2"}],"replies":[{"embeddable":true,"href":"https:\/\/paprochy.098.waw.pl\/index.php?rest_route=%2Fwp%2Fv2%2Fcomments&post=1655"}],"version-history":[{"count":1,"href":"https:\/\/paprochy.098.waw.pl\/index.php?rest_route=\/wp\/v2\/posts\/1655\/revisions"}],"predecessor-version":[{"id":1656,"href":"https:\/\/paprochy.098.waw.pl\/index.php?rest_route=\/wp\/v2\/posts\/1655\/revisions\/1656"}],"wp:attachment":[{"href":"https:\/\/paprochy.098.waw.pl\/index.php?rest_route=%2Fwp%2Fv2%2Fmedia&parent=1655"}],"wp:term":[{"taxonomy":"category","embeddable":true,"href":"https:\/\/paprochy.098.waw.pl\/index.php?rest_route=%2Fwp%2Fv2%2Fcategories&post=1655"},{"taxonomy":"post_tag","embeddable":true,"href":"https:\/\/paprochy.098.waw.pl\/index.php?rest_route=%2Fwp%2Fv2%2Ftags&post=1655"}],"curies":[{"name":"wp","href":"https:\/\/api.w.org\/{rel}","templated":true}]}}