{"id":45,"date":"2017-09-01T01:00:00","date_gmt":"2017-09-03T08:54:11","guid":{"rendered":"https:\/\/paprochy.098.waw.pl\/?p=45"},"modified":"2017-09-03T14:26:44","modified_gmt":"2017-09-03T14:26:44","slug":"smiertelnosc","status":"publish","type":"post","link":"https:\/\/paprochy.098.waw.pl\/?p=45","title":{"rendered":"\u015aMIERTELNO\u015a\u0106"},"content":{"rendered":"<p>To nie boli bardziej, bo bardziej nie mo\u017ce.<br \/>\nNie boli? Od b\u00f3lu \u0142ez ju\u017c pe\u0142ne morze.<br \/>\nTotalna klapa w walce z wiatrakami.<br \/>\nPokruszona kopia w bitwie z omamami.<br \/>\nPrzegra\u0142em t\u0119 walk\u0119. &#8211; Kt\u00f3ry to ju\u017c raz?<br \/>\nZ czasem, czas na proch rozetrze nas.<br \/>\nPo\u017cegnam si\u0119 wtedy z g\u0142upot\u0105, b\u0142\u0119dami,<br \/>\nNikt nie b\u0119dzie kroczy\u0142 moimi \u015bladami.<br \/>\nNastanie koniec b\u00f3lu my\u015blenia,<br \/>\nNareszcie koniec, miernoty istnienia.<br \/>\nCo dalej, po \u015bmierci? Niebo. No, a w niebie?<br \/>\nJako\u015b nie wyobra\u017cam sobie w takim miejscu siebie.<br \/>\nPo drugiej, pono\u0107 lepszej stronie \u015bwiata,<br \/>\nJako anio\u0142 t\u0142u\u015bcioszek b\u0119d\u0119 sobie lata\u0142.<br \/>\nBez nerw\u00f3w, stres\u00f3w, zak\u0142amania&#8230;<br \/>\nJak baran w takim miejscu, pewnie bym zbarania\u0142.<br \/>\nD\u0142u\u017cyzny nieba raczej bym nie strawi\u0142.<br \/>\nSiedzenie w bezczynno\u015bci? Chyba bym si\u0119 zabi\u0142.<br \/>\nS\u0142ucha\u0107 ch\u00f3r\u00f3w anielskich?Nie dla mnie muzyka.<br \/>\nNagle w\u015br\u00f3d niebios arii brz\u0119czenie budzika?<br \/>\nPowolutku wstaj\u0119, pot ocieram z czo\u0142a.<br \/>\n\u017bycie me popl\u0105tane do siebie zn\u00f3w wo\u0142a.<\/p>\n","protected":false},"excerpt":{"rendered":"<p>To nie boli bardziej, bo bardziej nie mo\u017ce. Nie boli? Od b\u00f3lu \u0142ez ju\u017c pe\u0142ne morze. Totalna klapa w walce z wiatrakami. Pokruszona kopia w bitwie z omamami. Przegra\u0142em t\u0119 walk\u0119. &#8211; Kt\u00f3ry to ju\u017c raz? Z czasem, czas na proch rozetrze nas. Po\u017cegnam si\u0119 wtedy z g\u0142upot\u0105, b\u0142\u0119dami, Nikt nie b\u0119dzie kroczy\u0142 moimi \u015bladami. &hellip; <\/p>\n<p class=\"link-more\"><a href=\"https:\/\/paprochy.098.waw.pl\/?p=45\" class=\"more-link\">Czytaj dalej<span class=\"screen-reader-text\"> \u015aMIERTELNO\u015a\u0106<\/span><\/a><\/p>\n","protected":false},"author":1,"featured_media":0,"comment_status":"closed","ping_status":"closed","sticky":false,"template":"","format":"standard","meta":{"footnotes":""},"categories":[3],"tags":[],"_links":{"self":[{"href":"https:\/\/paprochy.098.waw.pl\/index.php?rest_route=\/wp\/v2\/posts\/45"}],"collection":[{"href":"https:\/\/paprochy.098.waw.pl\/index.php?rest_route=\/wp\/v2\/posts"}],"about":[{"href":"https:\/\/paprochy.098.waw.pl\/index.php?rest_route=\/wp\/v2\/types\/post"}],"author":[{"embeddable":true,"href":"https:\/\/paprochy.098.waw.pl\/index.php?rest_route=\/wp\/v2\/users\/1"}],"replies":[{"embeddable":true,"href":"https:\/\/paprochy.098.waw.pl\/index.php?rest_route=%2Fwp%2Fv2%2Fcomments&post=45"}],"version-history":[{"count":1,"href":"https:\/\/paprochy.098.waw.pl\/index.php?rest_route=\/wp\/v2\/posts\/45\/revisions"}],"predecessor-version":[{"id":46,"href":"https:\/\/paprochy.098.waw.pl\/index.php?rest_route=\/wp\/v2\/posts\/45\/revisions\/46"}],"wp:attachment":[{"href":"https:\/\/paprochy.098.waw.pl\/index.php?rest_route=%2Fwp%2Fv2%2Fmedia&parent=45"}],"wp:term":[{"taxonomy":"category","embeddable":true,"href":"https:\/\/paprochy.098.waw.pl\/index.php?rest_route=%2Fwp%2Fv2%2Fcategories&post=45"},{"taxonomy":"post_tag","embeddable":true,"href":"https:\/\/paprochy.098.waw.pl\/index.php?rest_route=%2Fwp%2Fv2%2Ftags&post=45"}],"curies":[{"name":"wp","href":"https:\/\/api.w.org\/{rel}","templated":true}]}}