{"id":805,"date":"2019-02-11T17:52:43","date_gmt":"2019-02-11T17:52:43","guid":{"rendered":"https:\/\/paprochy.098.waw.pl\/?p=805"},"modified":"2019-02-11T17:52:43","modified_gmt":"2019-02-11T17:52:43","slug":"foto","status":"publish","type":"post","link":"https:\/\/paprochy.098.waw.pl\/?p=805","title":{"rendered":"FOTO"},"content":{"rendered":"<p>Fragment \u017cycia zawieszony w czasie&#8230;<br \/>\nPrzegl\u0105daj\u0105c stare fotografie<br \/>\nPatrz\u0119 w przesz\u0142o\u015b\u0107 wyci\u0105gni\u0119t\u0105 z cienia<br \/>\nZe stert szuflad m\u00f3zgu zapomnienia.<br \/>\nZdj\u0119ta przes\u0142ona niepami\u0119ci&#8230;<br \/>\nZ\u017c\u00f3\u0142kn\u0105 z czasem miejsca, kt\u00f3rych nie ma<br \/>\nTwarze, wymaza\u0142em hen ze sfer istnienia.<br \/>\nTakie by\u0142y kiedy\u015b, a dzi\u015b?<br \/>\nNie chc\u0119 o nich my\u015ble\u0107, a co dopiero \u015bni\u0107.<br \/>\nFotki barwne, r\u00f3\u017cnokolorowe<br \/>\nJeszcze dzisiaj zaprz\u0105taj\u0105 g\u0142ow\u0119<br \/>\nWspomnieniami, jak wszystko si\u0119 zmienia.<br \/>\nP\u0142yn\u0105 lata \u2013 nie na fotografiach.<br \/>\nZatrzymane w kadrze tak cudowne chwile&#8230;<br \/>\nPrzyjaciele, ci co nimi si\u0119 mienili&#8230;<br \/>\nDuzi, mali, roze\u015bmiani \u2013 dzi\u015b nie \u017cywi&#8230;<br \/>\nW jakim\u015b sensie wiecznie \u017cywi&#8230;<br \/>\nFoto-notes \u017cycia, czasu, przemijania,<br \/>\nTylko kartka lecz, jak wa\u017cna do przypominania<br \/>\nKto jest, kto by\u0142, kto kim&#8230;<\/p>\n","protected":false},"excerpt":{"rendered":"<p>Fragment \u017cycia zawieszony w czasie&#8230; Przegl\u0105daj\u0105c stare fotografie Patrz\u0119 w przesz\u0142o\u015b\u0107 wyci\u0105gni\u0119t\u0105 z cienia Ze stert szuflad m\u00f3zgu zapomnienia. Zdj\u0119ta przes\u0142ona niepami\u0119ci&#8230; Z\u017c\u00f3\u0142kn\u0105 z czasem miejsca, kt\u00f3rych nie ma Twarze, wymaza\u0142em hen ze sfer istnienia. Takie by\u0142y kiedy\u015b, a dzi\u015b? Nie chc\u0119 o nich my\u015ble\u0107, a co dopiero \u015bni\u0107. Fotki barwne, r\u00f3\u017cnokolorowe Jeszcze dzisiaj zaprz\u0105taj\u0105 &hellip; <\/p>\n<p class=\"link-more\"><a href=\"https:\/\/paprochy.098.waw.pl\/?p=805\" class=\"more-link\">Czytaj dalej<span class=\"screen-reader-text\"> FOTO<\/span><\/a><\/p>\n","protected":false},"author":2,"featured_media":0,"comment_status":"closed","ping_status":"closed","sticky":false,"template":"","format":"standard","meta":{"footnotes":""},"categories":[18],"tags":[],"_links":{"self":[{"href":"https:\/\/paprochy.098.waw.pl\/index.php?rest_route=\/wp\/v2\/posts\/805"}],"collection":[{"href":"https:\/\/paprochy.098.waw.pl\/index.php?rest_route=\/wp\/v2\/posts"}],"about":[{"href":"https:\/\/paprochy.098.waw.pl\/index.php?rest_route=\/wp\/v2\/types\/post"}],"author":[{"embeddable":true,"href":"https:\/\/paprochy.098.waw.pl\/index.php?rest_route=\/wp\/v2\/users\/2"}],"replies":[{"embeddable":true,"href":"https:\/\/paprochy.098.waw.pl\/index.php?rest_route=%2Fwp%2Fv2%2Fcomments&post=805"}],"version-history":[{"count":1,"href":"https:\/\/paprochy.098.waw.pl\/index.php?rest_route=\/wp\/v2\/posts\/805\/revisions"}],"predecessor-version":[{"id":806,"href":"https:\/\/paprochy.098.waw.pl\/index.php?rest_route=\/wp\/v2\/posts\/805\/revisions\/806"}],"wp:attachment":[{"href":"https:\/\/paprochy.098.waw.pl\/index.php?rest_route=%2Fwp%2Fv2%2Fmedia&parent=805"}],"wp:term":[{"taxonomy":"category","embeddable":true,"href":"https:\/\/paprochy.098.waw.pl\/index.php?rest_route=%2Fwp%2Fv2%2Fcategories&post=805"},{"taxonomy":"post_tag","embeddable":true,"href":"https:\/\/paprochy.098.waw.pl\/index.php?rest_route=%2Fwp%2Fv2%2Ftags&post=805"}],"curies":[{"name":"wp","href":"https:\/\/api.w.org\/{rel}","templated":true}]}}