{"id":811,"date":"2019-02-11T17:55:30","date_gmt":"2019-02-11T17:55:30","guid":{"rendered":"https:\/\/paprochy.098.waw.pl\/?p=811"},"modified":"2019-02-11T17:55:30","modified_gmt":"2019-02-11T17:55:30","slug":"ludzkie-pytania","status":"publish","type":"post","link":"https:\/\/paprochy.098.waw.pl\/?p=811","title":{"rendered":"LUDZKIE PYTANIA"},"content":{"rendered":"<p>Czemu nie jestem ptakiem, nie mog\u0119 gwizda\u0107 na ten \u015bwiat?<br \/>\nCzemu nie jestem skunksem, nie mog\u0119 na to wszystko wia\u0107?<br \/>\nCzemu nie jestem \u017c\u00f3\u0142wiem, kt\u00f3ry w skorupie skryje si\u0119?<br \/>\nCzemu nie jestem kameleonem, co zmienia barwy swe?<br \/>\nCzemu nie jestem , jak sowa \u2013 m\u0105dry, nocny ptak?<br \/>\nCzemu nie jestem or\u0142em, nie wzbijam si\u0119 wysoko tak?<br \/>\nCzemu nie jestem ma\u0142p\u0105, nie mo\u017ce wszystko zwisa\u0107 mi?<br \/>\nCzemu nie jestem wilkiem, nie mog\u0119 gro\u017anie wy\u0107?<br \/>\nCzemu nie jestem psem, nie mog\u0119 pogry\u017a\u0107 kilku drani?<br \/>\nCzemu jestem cz\u0142owiekiem, i nawet s\u0142owo, tak mnie rani?<\/p>\n","protected":false},"excerpt":{"rendered":"<p>Czemu nie jestem ptakiem, nie mog\u0119 gwizda\u0107 na ten \u015bwiat? Czemu nie jestem skunksem, nie mog\u0119 na to wszystko wia\u0107? Czemu nie jestem \u017c\u00f3\u0142wiem, kt\u00f3ry w skorupie skryje si\u0119? Czemu nie jestem kameleonem, co zmienia barwy swe? Czemu nie jestem , jak sowa \u2013 m\u0105dry, nocny ptak? Czemu nie jestem or\u0142em, nie wzbijam si\u0119 wysoko &hellip; <\/p>\n<p class=\"link-more\"><a href=\"https:\/\/paprochy.098.waw.pl\/?p=811\" class=\"more-link\">Czytaj dalej<span class=\"screen-reader-text\"> LUDZKIE PYTANIA<\/span><\/a><\/p>\n","protected":false},"author":2,"featured_media":0,"comment_status":"closed","ping_status":"closed","sticky":false,"template":"","format":"standard","meta":{"footnotes":""},"categories":[18],"tags":[],"_links":{"self":[{"href":"https:\/\/paprochy.098.waw.pl\/index.php?rest_route=\/wp\/v2\/posts\/811"}],"collection":[{"href":"https:\/\/paprochy.098.waw.pl\/index.php?rest_route=\/wp\/v2\/posts"}],"about":[{"href":"https:\/\/paprochy.098.waw.pl\/index.php?rest_route=\/wp\/v2\/types\/post"}],"author":[{"embeddable":true,"href":"https:\/\/paprochy.098.waw.pl\/index.php?rest_route=\/wp\/v2\/users\/2"}],"replies":[{"embeddable":true,"href":"https:\/\/paprochy.098.waw.pl\/index.php?rest_route=%2Fwp%2Fv2%2Fcomments&post=811"}],"version-history":[{"count":1,"href":"https:\/\/paprochy.098.waw.pl\/index.php?rest_route=\/wp\/v2\/posts\/811\/revisions"}],"predecessor-version":[{"id":812,"href":"https:\/\/paprochy.098.waw.pl\/index.php?rest_route=\/wp\/v2\/posts\/811\/revisions\/812"}],"wp:attachment":[{"href":"https:\/\/paprochy.098.waw.pl\/index.php?rest_route=%2Fwp%2Fv2%2Fmedia&parent=811"}],"wp:term":[{"taxonomy":"category","embeddable":true,"href":"https:\/\/paprochy.098.waw.pl\/index.php?rest_route=%2Fwp%2Fv2%2Fcategories&post=811"},{"taxonomy":"post_tag","embeddable":true,"href":"https:\/\/paprochy.098.waw.pl\/index.php?rest_route=%2Fwp%2Fv2%2Ftags&post=811"}],"curies":[{"name":"wp","href":"https:\/\/api.w.org\/{rel}","templated":true}]}}