{"id":832,"date":"2019-02-11T19:02:17","date_gmt":"2019-02-11T19:02:17","guid":{"rendered":"https:\/\/paprochy.098.waw.pl\/?p=832"},"modified":"2019-02-11T19:02:17","modified_gmt":"2019-02-11T19:02:17","slug":"wojna-minister-zdrowia-nie-ostrzegal","status":"publish","type":"post","link":"https:\/\/paprochy.098.waw.pl\/?p=832","title":{"rendered":"WOJNA (MINISTER ZDROWIA NIE OSTRZEGA\u0141)"},"content":{"rendered":"<p>Zielono, a nie wiosennie.<br \/>\nZielono, a nie rado\u015bnie.<br \/>\nZielono, a jako\u015b ponuro, \u017ca\u0142o\u015bnie.<br \/>\nZielono inaczej \u2013 \u017ale, niezno\u015bnie.<br \/>\nKarabiny, barykady,<br \/>\nKanonady defilady&#8230;<br \/>\nTrupio-zielono \u2013 krew na ulicy.<br \/>\nJaki\u015b go\u015b\u0107 strzela, a drugi krzyczy.<br \/>\n\u015amier\u0107 za idee \u2013 dzieci niewinne.<br \/>\n\u015amier\u0107 za slogany \u2013 codziennie inne.<br \/>\nZielono od he\u0142m\u00f3w \u2013 nie tak \u2013 \u017ale.<br \/>\nTop\u00f3r wojenny precz \u2013 te kolory md\u0142e.<br \/>\nZabijaniu: Nie!<br \/>\nPok\u00f3j \u2013 nie krew.<\/p>\n","protected":false},"excerpt":{"rendered":"<p>Zielono, a nie wiosennie. Zielono, a nie rado\u015bnie. Zielono, a jako\u015b ponuro, \u017ca\u0142o\u015bnie. Zielono inaczej \u2013 \u017ale, niezno\u015bnie. Karabiny, barykady, Kanonady defilady&#8230; Trupio-zielono \u2013 krew na ulicy. Jaki\u015b go\u015b\u0107 strzela, a drugi krzyczy. \u015amier\u0107 za idee \u2013 dzieci niewinne. \u015amier\u0107 za slogany \u2013 codziennie inne. Zielono od he\u0142m\u00f3w \u2013 nie tak \u2013 \u017ale. Top\u00f3r wojenny &hellip; <\/p>\n<p class=\"link-more\"><a href=\"https:\/\/paprochy.098.waw.pl\/?p=832\" class=\"more-link\">Czytaj dalej<span class=\"screen-reader-text\"> WOJNA (MINISTER ZDROWIA NIE OSTRZEGA\u0141)<\/span><\/a><\/p>\n","protected":false},"author":2,"featured_media":0,"comment_status":"closed","ping_status":"closed","sticky":false,"template":"","format":"standard","meta":{"footnotes":""},"categories":[18],"tags":[],"_links":{"self":[{"href":"https:\/\/paprochy.098.waw.pl\/index.php?rest_route=\/wp\/v2\/posts\/832"}],"collection":[{"href":"https:\/\/paprochy.098.waw.pl\/index.php?rest_route=\/wp\/v2\/posts"}],"about":[{"href":"https:\/\/paprochy.098.waw.pl\/index.php?rest_route=\/wp\/v2\/types\/post"}],"author":[{"embeddable":true,"href":"https:\/\/paprochy.098.waw.pl\/index.php?rest_route=\/wp\/v2\/users\/2"}],"replies":[{"embeddable":true,"href":"https:\/\/paprochy.098.waw.pl\/index.php?rest_route=%2Fwp%2Fv2%2Fcomments&post=832"}],"version-history":[{"count":1,"href":"https:\/\/paprochy.098.waw.pl\/index.php?rest_route=\/wp\/v2\/posts\/832\/revisions"}],"predecessor-version":[{"id":833,"href":"https:\/\/paprochy.098.waw.pl\/index.php?rest_route=\/wp\/v2\/posts\/832\/revisions\/833"}],"wp:attachment":[{"href":"https:\/\/paprochy.098.waw.pl\/index.php?rest_route=%2Fwp%2Fv2%2Fmedia&parent=832"}],"wp:term":[{"taxonomy":"category","embeddable":true,"href":"https:\/\/paprochy.098.waw.pl\/index.php?rest_route=%2Fwp%2Fv2%2Fcategories&post=832"},{"taxonomy":"post_tag","embeddable":true,"href":"https:\/\/paprochy.098.waw.pl\/index.php?rest_route=%2Fwp%2Fv2%2Ftags&post=832"}],"curies":[{"name":"wp","href":"https:\/\/api.w.org\/{rel}","templated":true}]}}